{"id":607,"date":"2017-06-26T09:03:14","date_gmt":"2017-06-26T07:03:14","guid":{"rendered":"http:\/\/www.ayanar.net\/blog\/?p=607"},"modified":"2018-10-27T10:55:18","modified_gmt":"2018-10-27T08:55:18","slug":"aventuriales-2017-sortie-de-larche-des-etoiles","status":"publish","type":"post","link":"https:\/\/www.ayanar.net\/blog\/?p=607","title":{"rendered":"Aventuriales 2017 &#038; sortie de L&rsquo;Arche des \u00e9toiles"},"content":{"rendered":"<p>Plusieurs bonnes nouvelles\u00a0!<\/p>\n<p>Tout d&rsquo;abord, la sortie iminente de <em><strong>L&rsquo;Arche des \u00e9toiles<\/strong><\/em>, le tome 2 (et dernier tome) de <a href=\"https:\/\/www.ayanar.net\/blog\/?page_id=11\"><em>La Voyageuse d&rsquo;Ayanar<\/em><\/a>. Le voyage d&rsquo;\u00c9milion et Zina continue !<\/p>\n<p>J&rsquo;aurai le plaisir de d\u00e9dicacer ces romans aux <a href=\"https:\/\/www.aventuriales.fr\">Aventuriales de M\u00e9n\u00e9trol<\/a>, salon de l&rsquo;imaginaire \u00e0 proximit\u00e9 de Clermont-Ferrand, qui se d\u00e9roulera les 23 et 24 septembre prochains.<\/p>\n<p>\u00c0 ce propos, l&rsquo;\u00e9t\u00e9 va \u00eatre studieux : on pr\u00e9pare un am\u00e9nagement tr\u00e8s sp\u00e9cial pour le stand !<br \/>\nAvec Franck Padritge de <a href=\"http:\/\/dioramas-et-figurines.fr\">Dioramas et figurines<\/a>, nous travaillons sur <strong>une maquette de la cit\u00e9 de Pyros<\/strong> (avec le canyon, en coupe.) On vous esp\u00e8re nombreux pour admirer le r\u00e9sultat ! En attendant, afin que ce projet (un peu fou) prenne vie, et qu&rsquo;on puisse vous remercier avec de jolies contreparties, <a href=\"https:\/\/fr.ulule.com\/diorama-pyros\/\"><strong>soutenez-nous sur Ulule !<\/strong><\/a><\/p>\n<p><a href=\"https:\/\/fr.ulule.com\/diorama-pyros\/\"><em>Vous trouverez sur cette page plus d&rsquo;informations sur le projet, et des photos des avanc\u00e9es de Franck. La campagne s&rsquo;ach\u00e8ve d\u00e9but ao\u00fbt.<\/em><\/a><img loading=\"lazy\" decoding=\"async\" class=\"alignleft size-full wp-image-602\" src=\"https:\/\/www.ayanar.net\/blog\/wp-content\/uploads\/2017\/06\/Vue-detaillee-export-2.jpg\" alt=\"\" width=\"800\" height=\"400\" srcset=\"https:\/\/www.ayanar.net\/blog\/wp-content\/uploads\/2017\/06\/Vue-detaillee-export-2.jpg 800w, https:\/\/www.ayanar.net\/blog\/wp-content\/uploads\/2017\/06\/Vue-detaillee-export-2-300x150.jpg 300w, https:\/\/www.ayanar.net\/blog\/wp-content\/uploads\/2017\/06\/Vue-detaillee-export-2-768x384.jpg 768w\" sizes=\"auto, (max-width: 800px) 100vw, 800px\" \/><\/p>\n","protected":false},"excerpt":{"rendered":"<p>Plusieurs bonnes nouvelles\u00a0! Tout d&rsquo;abord, la sortie iminente de L&rsquo;Arche des \u00e9toiles, le tome 2 (et dernier tome) de La Voyageuse d&rsquo;Ayanar. Le voyage d&rsquo;\u00c9milion et Zina continue ! J&rsquo;aurai le plaisir de d\u00e9dicacer ces romans aux Aventuriales de M\u00e9n\u00e9trol, salon de l&rsquo;imaginaire \u00e0 proximit\u00e9 de Clermont-Ferrand, qui se d\u00e9roulera les 23 et 24 septembre &hellip; <a href=\"https:\/\/www.ayanar.net\/blog\/?p=607\" class=\"more-link\">Continuer la lecture de <span class=\"screen-reader-text\">Aventuriales 2017 &#038; sortie de L&rsquo;Arche des \u00e9toiles<\/span>  <span class=\"meta-nav\">&rarr;<\/span><\/a><\/p>\n","protected":false},"author":1,"featured_media":0,"comment_status":"closed","ping_status":"open","sticky":false,"template":"","format":"standard","meta":{"footnotes":""},"categories":[11,8,3],"tags":[],"class_list":["post-607","post","type-post","status-publish","format-standard","hentry","category-evenements","category-cambouis","category-romans"],"_links":{"self":[{"href":"https:\/\/www.ayanar.net\/blog\/index.php?rest_route=\/wp\/v2\/posts\/607","targetHints":{"allow":["GET"]}}],"collection":[{"href":"https:\/\/www.ayanar.net\/blog\/index.php?rest_route=\/wp\/v2\/posts"}],"about":[{"href":"https:\/\/www.ayanar.net\/blog\/index.php?rest_route=\/wp\/v2\/types\/post"}],"author":[{"embeddable":true,"href":"https:\/\/www.ayanar.net\/blog\/index.php?rest_route=\/wp\/v2\/users\/1"}],"replies":[{"embeddable":true,"href":"https:\/\/www.ayanar.net\/blog\/index.php?rest_route=%2Fwp%2Fv2%2Fcomments&post=607"}],"version-history":[{"count":17,"href":"https:\/\/www.ayanar.net\/blog\/index.php?rest_route=\/wp\/v2\/posts\/607\/revisions"}],"predecessor-version":[{"id":773,"href":"https:\/\/www.ayanar.net\/blog\/index.php?rest_route=\/wp\/v2\/posts\/607\/revisions\/773"}],"wp:attachment":[{"href":"https:\/\/www.ayanar.net\/blog\/index.php?rest_route=%2Fwp%2Fv2%2Fmedia&parent=607"}],"wp:term":[{"taxonomy":"category","embeddable":true,"href":"https:\/\/www.ayanar.net\/blog\/index.php?rest_route=%2Fwp%2Fv2%2Fcategories&post=607"},{"taxonomy":"post_tag","embeddable":true,"href":"https:\/\/www.ayanar.net\/blog\/index.php?rest_route=%2Fwp%2Fv2%2Ftags&post=607"}],"curies":[{"name":"wp","href":"https:\/\/api.w.org\/{rel}","templated":true}]}}