{"id":444,"date":"2016-09-28T18:49:35","date_gmt":"2016-09-28T16:49:35","guid":{"rendered":"http:\/\/www.ayanar.net\/blog\/?p=444"},"modified":"2017-05-14T12:31:40","modified_gmt":"2017-05-14T10:31:40","slug":"aventuriales","status":"publish","type":"post","link":"https:\/\/www.ayanar.net\/blog\/?p=444","title":{"rendered":"Aventuriales"},"content":{"rendered":"<p>Voici mon retour sur cet \u00e9v\u00e9nement de l&rsquo;imaginaire fort sympathique,\u00a0<a href=\"http:\/\/www.aventuriales.fr\">Les Aventuriales<\/a>, un jeune salon qui tenait sa deuxi\u00e8me \u00e9dition \u00e0 M\u00e9n\u00e9trol, en Auvergne \u00e0 quelques kilom\u00e8tres de Clermont-Ferrand.<\/p>\n<p><a href=\"https:\/\/www.ayanar.net\/blog\/wp-content\/uploads\/2016\/09\/IMG_1773.jpg\"><img loading=\"lazy\" decoding=\"async\" class=\"alignleft size-full wp-image-442\" src=\"https:\/\/www.ayanar.net\/blog\/wp-content\/uploads\/2016\/09\/IMG_1773.jpg\" alt=\"img_1773\" width=\"1772\" height=\"1329\" srcset=\"https:\/\/www.ayanar.net\/blog\/wp-content\/uploads\/2016\/09\/IMG_1773.jpg 1772w, https:\/\/www.ayanar.net\/blog\/wp-content\/uploads\/2016\/09\/IMG_1773-300x225.jpg 300w, https:\/\/www.ayanar.net\/blog\/wp-content\/uploads\/2016\/09\/IMG_1773-768x576.jpg 768w, https:\/\/www.ayanar.net\/blog\/wp-content\/uploads\/2016\/09\/IMG_1773-1024x768.jpg 1024w\" sizes=\"auto, (max-width: 1772px) 100vw, 1772px\" \/><\/a> <a href=\"https:\/\/www.ayanar.net\/blog\/wp-content\/uploads\/2016\/09\/IMG_1774.jpg\"><img loading=\"lazy\" decoding=\"async\" class=\"alignleft size-full wp-image-443\" src=\"https:\/\/www.ayanar.net\/blog\/wp-content\/uploads\/2016\/09\/IMG_1774.jpg\" alt=\"img_1774\" width=\"1772\" height=\"1329\" srcset=\"https:\/\/www.ayanar.net\/blog\/wp-content\/uploads\/2016\/09\/IMG_1774.jpg 1772w, https:\/\/www.ayanar.net\/blog\/wp-content\/uploads\/2016\/09\/IMG_1774-300x225.jpg 300w, https:\/\/www.ayanar.net\/blog\/wp-content\/uploads\/2016\/09\/IMG_1774-768x576.jpg 768w, https:\/\/www.ayanar.net\/blog\/wp-content\/uploads\/2016\/09\/IMG_1774-1024x768.jpg 1024w\" sizes=\"auto, (max-width: 1772px) 100vw, 1772px\" \/><\/a><\/p>\n<p>Ce fut un week-end riche en \u00e9motions, fort de rencontres et de moments privil\u00e9gi\u00e9s. Tout d&rsquo;abord, j&rsquo;ai eu le plaisir de recevoir de la part de mon \u00e9diteur les tout premiers exemplaires broch\u00e9s de <strong><em>La Voie du d\u00e9sert<\/em><\/strong> (premier tome de <em><a href=\"https:\/\/www.ayanar.net\/blog\/?page_id=11\">La Voyageuse d&rsquo;Ayanar<\/a>.<\/em>) \u00c0 deux jours du d\u00e9part, cela donnait le ton : cette fois, j&rsquo;allais pour de bon \u00e0 un \u00e9v\u00e9nement en tant qu&rsquo;auteur !<\/p>\n<p>Je ne peux pas parler des Aventuriales sans en \u00e9voquer\u00a0l&rsquo;organisation : la pr\u00e9venance et la gentillesse des membres de <a href=\"http:\/\/www.gandahar.net\">l&rsquo;association Gandahar<\/a>, mais aussi celle de l&rsquo;\u00e9quipe des b\u00e9n\u00e9voles sur le pont durant ces deux jours, aussi efficaces que souriants ! Un immense merci \u00e0 eux !<\/p>\n<p>J&rsquo;ai eu le plaisir de revoir des amis de plume, et\u00a0celui de rencontrer les lecteurs de nos mondes imaginaires au d\u00e9tour des all\u00e9es, et, parfois m\u00eame, devant ma table.\u00a0\u00c0 quelque temps de l&rsquo;\u00e9v\u00e9nement, \u00eatre invit\u00e9 \u00e0 participer \u00e0 une table ronde \u00e9tait pour moi une surprise de taille. La tente fut pleine d&rsquo;un public respectueux et averti, venu \u00e9couter nos \u00e9changes avec mes coll\u00e8gues auteurs ; Lou Jan, St\u00e9phane Desienne, Jean R\u00e9billat, et notre intervenante enthousiaste Dominique L\u00e9muri.<\/p>\n<p>Je ne suis que bien peu de chose. C&rsquo;est tr\u00e8s difficile de bien raconter une histoire, encore plus d&rsquo;en \u00e9crire une et d&rsquo;en faire un roman.\u00a0J&rsquo;avais un bon quatre heures de route devant moi pour rentrer dimanche soir. Cela n&rsquo;avait pas d&rsquo;importance, il y avait la musique, et mon c\u0153ur \u00e9tait l\u00e9ger.<\/p>\n<p>Une question me reste n\u00e9anmoins en t\u00eate : quand et comment pour la prochaine \u00e9dition des Aventuriales ?<\/p>\n","protected":false},"excerpt":{"rendered":"<p>Voici mon retour sur cet \u00e9v\u00e9nement de l&rsquo;imaginaire fort sympathique,\u00a0Les Aventuriales, un jeune salon qui tenait sa deuxi\u00e8me \u00e9dition \u00e0 M\u00e9n\u00e9trol, en Auvergne \u00e0 quelques kilom\u00e8tres de Clermont-Ferrand. Ce fut un week-end riche en \u00e9motions, fort de rencontres et de moments privil\u00e9gi\u00e9s. Tout d&rsquo;abord, j&rsquo;ai eu le plaisir de recevoir de la part de mon &hellip; <a href=\"https:\/\/www.ayanar.net\/blog\/?p=444\" class=\"more-link\">Continuer la lecture de <span class=\"screen-reader-text\">Aventuriales<\/span>  <span class=\"meta-nav\">&rarr;<\/span><\/a><\/p>\n","protected":false},"author":1,"featured_media":0,"comment_status":"closed","ping_status":"open","sticky":false,"template":"","format":"standard","meta":{"footnotes":""},"categories":[11,3],"tags":[],"class_list":["post-444","post","type-post","status-publish","format-standard","hentry","category-evenements","category-romans"],"_links":{"self":[{"href":"https:\/\/www.ayanar.net\/blog\/index.php?rest_route=\/wp\/v2\/posts\/444","targetHints":{"allow":["GET"]}}],"collection":[{"href":"https:\/\/www.ayanar.net\/blog\/index.php?rest_route=\/wp\/v2\/posts"}],"about":[{"href":"https:\/\/www.ayanar.net\/blog\/index.php?rest_route=\/wp\/v2\/types\/post"}],"author":[{"embeddable":true,"href":"https:\/\/www.ayanar.net\/blog\/index.php?rest_route=\/wp\/v2\/users\/1"}],"replies":[{"embeddable":true,"href":"https:\/\/www.ayanar.net\/blog\/index.php?rest_route=%2Fwp%2Fv2%2Fcomments&post=444"}],"version-history":[{"count":21,"href":"https:\/\/www.ayanar.net\/blog\/index.php?rest_route=\/wp\/v2\/posts\/444\/revisions"}],"predecessor-version":[{"id":465,"href":"https:\/\/www.ayanar.net\/blog\/index.php?rest_route=\/wp\/v2\/posts\/444\/revisions\/465"}],"wp:attachment":[{"href":"https:\/\/www.ayanar.net\/blog\/index.php?rest_route=%2Fwp%2Fv2%2Fmedia&parent=444"}],"wp:term":[{"taxonomy":"category","embeddable":true,"href":"https:\/\/www.ayanar.net\/blog\/index.php?rest_route=%2Fwp%2Fv2%2Fcategories&post=444"},{"taxonomy":"post_tag","embeddable":true,"href":"https:\/\/www.ayanar.net\/blog\/index.php?rest_route=%2Fwp%2Fv2%2Ftags&post=444"}],"curies":[{"name":"wp","href":"https:\/\/api.w.org\/{rel}","templated":true}]}}