{"id":417,"date":"2016-09-12T21:01:10","date_gmt":"2016-09-12T19:01:10","guid":{"rendered":"http:\/\/www.ayanar.net\/blog\/?p=417"},"modified":"2018-10-27T10:58:37","modified_gmt":"2018-10-27T08:58:37","slug":"la-voie-du-desert-2","status":"publish","type":"post","link":"https:\/\/www.ayanar.net\/blog\/?p=417","title":{"rendered":"La Voie du d\u00e9sert"},"content":{"rendered":"<p>J&rsquo;ai le plaisir de vous annoncer que <strong><em>La Voie du d\u00e9sert<\/em><\/strong>\u00a0(premier tome de <a href=\"https:\/\/www.ayanar.net\/blog\/?page_id=11\"><em>La Voyageuse d&rsquo;Ayanar<\/em><\/a>) est disponible d\u00e8s ce jour en pr\u00e9commande aupr\u00e8s des \u00e9ditions Numeriklivres ! Le roman sera disponible sous peu aux formats num\u00e9riques pour tablette et liseuse, et en version papier.<\/p>\n<p>Rendez-vous aux <a href=\"http:\/\/www.aventuriales.fr\">Aventuriales de M\u00e9n\u00e9trol<\/a>, pr\u00e8s de Clermont-Ferrand, les 24 et 25 septembre, pour les premi\u00e8res d\u00e9dicaces. J&rsquo;y serai notamment en compagnie de St\u00e9phane Desienne dont le dernier roman <em><strong>Voyager<\/strong><\/em> est sorti depuis peu !<\/p>\n<p><a href=\"https:\/\/www.ayanar.net\/blog\/wp-content\/uploads\/2016\/09\/FB_dedicacesaventuriales.jpg\"><img loading=\"lazy\" decoding=\"async\" class=\"alignleft size-full wp-image-425\" src=\"https:\/\/www.ayanar.net\/blog\/wp-content\/uploads\/2016\/09\/FB_dedicacesaventuriales.jpg\" alt=\"fb_dedicacesaventuriales\" width=\"851\" height=\"315\" srcset=\"https:\/\/www.ayanar.net\/blog\/wp-content\/uploads\/2016\/09\/FB_dedicacesaventuriales.jpg 851w, https:\/\/www.ayanar.net\/blog\/wp-content\/uploads\/2016\/09\/FB_dedicacesaventuriales-300x111.jpg 300w, https:\/\/www.ayanar.net\/blog\/wp-content\/uploads\/2016\/09\/FB_dedicacesaventuriales-768x284.jpg 768w\" sizes=\"auto, (max-width: 851px) 100vw, 851px\" \/><\/a><\/p>\n","protected":false},"excerpt":{"rendered":"<p>J&rsquo;ai le plaisir de vous annoncer que La Voie du d\u00e9sert\u00a0(premier tome de La Voyageuse d&rsquo;Ayanar) est disponible d\u00e8s ce jour en pr\u00e9commande aupr\u00e8s des \u00e9ditions Numeriklivres ! Le roman sera disponible sous peu aux formats num\u00e9riques pour tablette et liseuse, et en version papier. Rendez-vous aux Aventuriales de M\u00e9n\u00e9trol, pr\u00e8s de Clermont-Ferrand, les 24 &hellip; <a href=\"https:\/\/www.ayanar.net\/blog\/?p=417\" class=\"more-link\">Continuer la lecture de <span class=\"screen-reader-text\">La Voie du d\u00e9sert<\/span>  <span class=\"meta-nav\">&rarr;<\/span><\/a><\/p>\n","protected":false},"author":1,"featured_media":0,"comment_status":"closed","ping_status":"open","sticky":false,"template":"","format":"standard","meta":{"footnotes":""},"categories":[11,3],"tags":[],"class_list":["post-417","post","type-post","status-publish","format-standard","hentry","category-evenements","category-romans"],"_links":{"self":[{"href":"https:\/\/www.ayanar.net\/blog\/index.php?rest_route=\/wp\/v2\/posts\/417","targetHints":{"allow":["GET"]}}],"collection":[{"href":"https:\/\/www.ayanar.net\/blog\/index.php?rest_route=\/wp\/v2\/posts"}],"about":[{"href":"https:\/\/www.ayanar.net\/blog\/index.php?rest_route=\/wp\/v2\/types\/post"}],"author":[{"embeddable":true,"href":"https:\/\/www.ayanar.net\/blog\/index.php?rest_route=\/wp\/v2\/users\/1"}],"replies":[{"embeddable":true,"href":"https:\/\/www.ayanar.net\/blog\/index.php?rest_route=%2Fwp%2Fv2%2Fcomments&post=417"}],"version-history":[{"count":12,"href":"https:\/\/www.ayanar.net\/blog\/index.php?rest_route=\/wp\/v2\/posts\/417\/revisions"}],"predecessor-version":[{"id":776,"href":"https:\/\/www.ayanar.net\/blog\/index.php?rest_route=\/wp\/v2\/posts\/417\/revisions\/776"}],"wp:attachment":[{"href":"https:\/\/www.ayanar.net\/blog\/index.php?rest_route=%2Fwp%2Fv2%2Fmedia&parent=417"}],"wp:term":[{"taxonomy":"category","embeddable":true,"href":"https:\/\/www.ayanar.net\/blog\/index.php?rest_route=%2Fwp%2Fv2%2Fcategories&post=417"},{"taxonomy":"post_tag","embeddable":true,"href":"https:\/\/www.ayanar.net\/blog\/index.php?rest_route=%2Fwp%2Fv2%2Ftags&post=417"}],"curies":[{"name":"wp","href":"https:\/\/api.w.org\/{rel}","templated":true}]}}