{"id":1744,"date":"2025-01-09T16:12:01","date_gmt":"2025-01-09T14:12:01","guid":{"rendered":"https:\/\/www.ayanar.net\/blog\/?p=1744"},"modified":"2025-01-10T18:07:14","modified_gmt":"2025-01-10T16:07:14","slug":"bonne-annee","status":"publish","type":"post","link":"https:\/\/www.ayanar.net\/blog\/?p=1744","title":{"rendered":"Bonne ann\u00e9e !"},"content":{"rendered":"\n<p>Tous mes v\u0153ux pour 2025&nbsp;!<\/p>\n\n\n\n<p>D&rsquo;usage, je ne fais pas de r\u00e9trospective ou de bilan sur l&rsquo;ann\u00e9e pr\u00e9c\u00e9dente, ni ne d\u00e9finis d&rsquo;objectifs pour l&rsquo;ann\u00e9e \u00e0 venir.<\/p>\n\n\n\n<p>Une fois n&rsquo;est pas coutume, je vais tout de m\u00eame me pr\u00eater \u00e0 l&rsquo;exercice. Avec un peu plus de recul au fil du temps, cela semble moins \u00ab\u00a0risqu\u00e9\u00a0\u00bb, et maintenant, je pense voir tout cela plus \u00e0 la mani\u00e8re de caract\u00e9ristiques de mon parcours. Il faut l&rsquo;avouer, pour 90% du temps, on ne ma\u00eetrise que bien peu de choses ! <\/p>\n\n\n\n<p>Revenons sur 2024&#8230;<\/p>\n\n\n\n<!--more-->\n\n\n\n<p>Apr\u00e8s environ <s>un an et demi<\/s> (un peu plus de deux ans, en fait !) d&rsquo;auto\u00e9dition pour Convergence (et un peu de partenariat en maison d&rsquo;\u00e9dition avec Gephyre pour Harmonie), j&rsquo;ai d\u00e9cid\u00e9 de lever le pied sur les salons. Une raison simple : cela demande beaucoup d&rsquo;investissement (en temps et en argent), pour des r\u00e9sultats relativement al\u00e9atoires&#8230; Pourtant, j&rsquo;adore aller en salon. La visite d&rsquo;une lectrice ou d&rsquo;un lecteur peut suffire \u00e0 illuminer une journ\u00e9e. Alors je me suis restreint \u00e0 Imajn&rsquo;\u00e8re, \u00e9tant gracieusement invit\u00e9 par Gephyre \u00c9ditions, et j&rsquo;ai particip\u00e9 au march\u00e9 de No\u00ebl de l&rsquo;\u00e9cole allemande iDSP \u00e0 Saint-Cloud \u00e0 la fin de l&rsquo;ann\u00e9e.<\/p>\n\n\n\n<p>Surtout, je ne souhaitais plus surveiller les ventes comme le lait sur le feu et me demander si l&rsquo;investissement engag\u00e9 sur Convergence (les frais fixes, imprimeur, illustrateur, correcteur etc.) allaient \u00eatre enfin couverts en totalit\u00e9.<\/p>\n\n\n\n<p>La r\u00e9alit\u00e9, c&rsquo;est que je n&rsquo;en suis pas si loin, et que les chiffres en tant qu&rsquo;auto\u00e9dit\u00e9 n&rsquo;ont pas \u00e0 rougir par rapport \u00e0 ce que j&rsquo;ai connu avec mes pr\u00e9c\u00e9dents \u00e9diteurs, non diffus\u00e9s en librairies. Ce serait \u00e0 refaire, il y aurait probablement eu des choix diff\u00e9rents (mieux r\u00e9fl\u00e9chir et pr\u00e9parer le lancement, faire attention au poids du livre, trouver un calendrier moins tendu avec l&rsquo;imprimeur &#8211; ce qui m&rsquo;a occasionn\u00e9 des tracas &#8211; ce genre de choses&#8230;), mais cela, je pense que c&rsquo;est pareil pour la plupart d&rsquo;entre nous !<\/p>\n\n\n\n<p>Surtout, je souhaitais me d\u00e9gager du temps juste pour moi. \u00c9crire et travailler mes projets, \u00e0 mon rythme et \u00e0 mes envies. Cela a plus que pay\u00e9 : j&rsquo;ai fini d&rsquo;\u00e9crire Le Pas du Diable (roman jeunesse, fantastique avec 4 ados qui voyagent dans le temps), somme toute \u00e0 un rythme relativement rapide par rapport \u00e0 mes pr\u00e9c\u00e9dents textes, et la premi\u00e8re passe de r\u00e9visions \/ corrections m&rsquo;a sembl\u00e9 (anormalement ?) rapide elle aussi. Est-ce un bienfait de la bonne pr\u00e9paration de la formation sc\u00e9nario ? L&rsquo;avenir nous le dira ! <\/p>\n\n\n\n<p>Donc une ann\u00e9e b\u00e9n\u00e9fique sur le plan de l&rsquo;\u00e9criture !<\/p>\n\n\n\n<p>Et 2025, alors&nbsp;?<\/p>\n\n\n\n<p>Je me dois de parler de notre fiction audio Pont des Arts, car il y a un rapport. L&rsquo;an dernier nous avons organis\u00e9 la journ\u00e9e de tournage (de supers souvenirs, une organisation de malades et beaucoup d&rsquo;\u00e9nergie &#8211; merci encore Ingrid !) Il restait quelques personnalit\u00e9s \u00e0 convaincre de tourner pour nous leurs propres r\u00f4les. Je crois que si nous avions parl\u00e9 de cela avec des producteurs, ils nous auraient probablement ri au nez.<\/p>\n\n\n\n<p>Ce que j&rsquo;ai appris de cette exp\u00e9rience (car nos invit\u00e9s ont tous r\u00e9pondu pr\u00e9sent), c&rsquo;est que c&rsquo;est possible. Qu&rsquo;on peut bouger les lignes. Et quand nous avons expliqu\u00e9 aux gens que le projet restait b\u00e9n\u00e9vole (\u00e0 ce stade pour plein de raisons&#8230;) tout le monde nous a r\u00e9pondu : \u00ab\u00a0OK on fonce, on embarque dans l&rsquo;aventure, on vous fait confiance\u00a0\u00bb.<\/p>\n\n\n\n<p>En 2025 je souhaite appliquer la m\u00eame \u00e9nergie sur mes autres projets. Pour le Pas du Diable, je me suis mis en qu\u00eate en fin d&rsquo;ann\u00e9e derni\u00e8re de trouver une ou plusieurs lectrices malentendantes, dont si possible une ado, afin de v\u00e9rifier les points sensibles de mon h\u00e9ro\u00efne Jessica (qui est donc malentendante). Autrement dit une perle rare ! J&rsquo;ai contact\u00e9 plein d&rsquo;assos, sans succ\u00e8s au d\u00e9but. Puis sur le Forum des Auteurs (Discord des sc\u00e9naristes Hadrien et Mathieu), on m&rsquo;a conseill\u00e9 de voir du c\u00f4t\u00e9 de Toulouse, o\u00f9 les assos seraient actives. Ce conseil a pay\u00e9, et j&rsquo;ai pu rentrer en contact avec deux lectrices, qui doivent \u00eatre en train de lire le roman&#8230; J&rsquo;ai \u00e9galement approch\u00e9 une maison d&rsquo;\u00e9dition, qui j&rsquo;esp\u00e8re appr\u00e9ciera cette d\u00e9marche pr\u00e9paratoire, si le texte leur suscite de l&rsquo;int\u00e9r\u00eat. <\/p>\n\n\n\n<p>Comme il s&rsquo;agit d&rsquo;une s\u00e9rie, je n&rsquo;attends pas. Le tome 2 est d\u00e9j\u00e0 enclench\u00e9, et de la m\u00eame mani\u00e8re que pour Pont des Arts, je suis rentr\u00e9 en contact avec une guide conf\u00e9renci\u00e8re (j&rsquo;ai rendez-vous prochainement avec elle), afin de lister les points \u00e0 \u00e9claircir sur les d\u00e9tails historiques, et avoir son avis sur certaines sp\u00e9culations pour mon r\u00e9cit (le tome 2, Le Ch\u00e2teau Rouge, se passe \u00e0 Heidelberg au 18\u00e8me si\u00e8cle).<\/p>\n\n\n\n<p>L&rsquo;\u00e9criture a d\u00e9j\u00e0 bien avanc\u00e9, je m&rsquo;efforce de capitaliser sur cette bonne dynamique !<\/p>\n\n\n\n<p>En 2025, finir ce tome 2 semble plus que r\u00e9alisable, et je commence \u00e0 bien conna\u00eetre mes h\u00e9ros de papier (m\u00eame jusqu&rsquo;\u00e0 diss\u00e9miner de petits marqueurs pour le tome 3 !)<\/p>\n\n\n\n<p>J&rsquo;esp\u00e8re \u00e9galement retourner un peu plus en salon, le contact avec les lectrices et les lecteurs me manque. On croise les doigts, des r\u00e9ponses devraient venir d&rsquo;ici fin janvier ? <\/p>\n","protected":false},"excerpt":{"rendered":"<p>Tous mes v\u0153ux pour 2025&nbsp;! D&rsquo;usage, je ne fais pas de r\u00e9trospective ou de bilan sur l&rsquo;ann\u00e9e pr\u00e9c\u00e9dente, ni ne d\u00e9finis d&rsquo;objectifs pour l&rsquo;ann\u00e9e \u00e0 venir. Une fois n&rsquo;est pas coutume, je vais tout de m\u00eame me pr\u00eater \u00e0 l&rsquo;exercice. Avec un peu plus de recul au fil du temps, cela semble moins \u00ab\u00a0risqu\u00e9\u00a0\u00bb, et &hellip; <a href=\"https:\/\/www.ayanar.net\/blog\/?p=1744\" class=\"more-link\">Continuer la lecture de <span class=\"screen-reader-text\">Bonne ann\u00e9e !<\/span>  <span class=\"meta-nav\">&rarr;<\/span><\/a><\/p>\n","protected":false},"author":1,"featured_media":1738,"comment_status":"closed","ping_status":"open","sticky":false,"template":"","format":"standard","meta":{"footnotes":""},"categories":[8,15,3],"tags":[],"class_list":["post-1744","post","type-post","status-publish","format-standard","has-post-thumbnail","hentry","category-cambouis","category-series","category-romans"],"_links":{"self":[{"href":"https:\/\/www.ayanar.net\/blog\/index.php?rest_route=\/wp\/v2\/posts\/1744","targetHints":{"allow":["GET"]}}],"collection":[{"href":"https:\/\/www.ayanar.net\/blog\/index.php?rest_route=\/wp\/v2\/posts"}],"about":[{"href":"https:\/\/www.ayanar.net\/blog\/index.php?rest_route=\/wp\/v2\/types\/post"}],"author":[{"embeddable":true,"href":"https:\/\/www.ayanar.net\/blog\/index.php?rest_route=\/wp\/v2\/users\/1"}],"replies":[{"embeddable":true,"href":"https:\/\/www.ayanar.net\/blog\/index.php?rest_route=%2Fwp%2Fv2%2Fcomments&post=1744"}],"version-history":[{"count":8,"href":"https:\/\/www.ayanar.net\/blog\/index.php?rest_route=\/wp\/v2\/posts\/1744\/revisions"}],"predecessor-version":[{"id":1753,"href":"https:\/\/www.ayanar.net\/blog\/index.php?rest_route=\/wp\/v2\/posts\/1744\/revisions\/1753"}],"wp:featuredmedia":[{"embeddable":true,"href":"https:\/\/www.ayanar.net\/blog\/index.php?rest_route=\/wp\/v2\/media\/1738"}],"wp:attachment":[{"href":"https:\/\/www.ayanar.net\/blog\/index.php?rest_route=%2Fwp%2Fv2%2Fmedia&parent=1744"}],"wp:term":[{"taxonomy":"category","embeddable":true,"href":"https:\/\/www.ayanar.net\/blog\/index.php?rest_route=%2Fwp%2Fv2%2Fcategories&post=1744"},{"taxonomy":"post_tag","embeddable":true,"href":"https:\/\/www.ayanar.net\/blog\/index.php?rest_route=%2Fwp%2Fv2%2Ftags&post=1744"}],"curies":[{"name":"wp","href":"https:\/\/api.w.org\/{rel}","templated":true}]}}