{"id":1690,"date":"2023-07-27T13:56:29","date_gmt":"2023-07-27T11:56:29","guid":{"rendered":"https:\/\/www.ayanar.net\/blog\/?p=1690"},"modified":"2023-07-28T09:00:56","modified_gmt":"2023-07-28T07:00:56","slug":"treve-estivale","status":"publish","type":"post","link":"https:\/\/www.ayanar.net\/blog\/?p=1690","title":{"rendered":"Tr\u00eave estivale"},"content":{"rendered":"\n<p>On \u00ab\u00a0ferme la boutique\u00a0\u00bb pour cet \u00e9t\u00e9 ! &#x1f60a;<\/p>\n\n\n\n<p>Mais les projets ne sont jamais compl\u00e8tement en pause !<\/p>\n\n\n\n<p>Mercredi la semaine prochaine, 5\u00e8me et dernier \u00e9pisode des coulisses de Convergence sur <a href=\"https:\/\/www.instagram.com\/ayanarnet\/\" target=\"_blank\" rel=\"noreferrer noopener\">Instagram<\/a> : je vais revenir sur le travail de Johann, pour la couverture et les portraits de mes h\u00e9ros de papier&#8230;<\/p>\n\n\n\n<p>Pont des Arts : le projet de l&rsquo;\u00e9t\u00e9 continue, gr\u00e2ce au soutien et l&rsquo;enthousiasme de la communaut\u00e9 de <a rel=\"noreferrer noopener\" href=\"https:\/\/jecrisunroman.eu\" target=\"_blank\">J&rsquo;\u00e9cris un roman<\/a> : chaque lundi, un nouvel atelier de travail, ouvert \u00e0 tous sur le Discord de la cha\u00eene. Si tout va bien, les choses devraient s&rsquo;acc\u00e9l\u00e9rer \u00e0 la rentr\u00e9e, on vous en dit plus bient\u00f4t ! &#x1f60d;<\/p>\n\n\n\n<p><strong><a href=\"https:\/\/podcast.ausha.co\/le-cafe-des-auteurs\/annonce-pour-l-ete-fin-de-la-saison\" target=\"_blank\" rel=\"noreferrer noopener\">L&rsquo;annonce sur le podcast Le Caf\u00e9 des auteurs<\/a><\/strong><\/p>\n\n\n\n<p>S\u00e9rie, nouvelle histoire, ados, jeunesse, voyages dans le temps, \u00e7a vous dirait ? Voil\u00e0 ce sur quoi je travaille depuis 2020, et plus r\u00e9cemment lors de ma formation sc\u00e9nario. Enfin, je vais pouvoir rep\u00e9rer pour de vrai les lieux de cette prochaine histoire ! Stay tuned, et bon \u00e9t\u00e9 \u00e0 tous ! &#x1f92b; &#x1f31e;<\/p>\n","protected":false},"excerpt":{"rendered":"<p>On \u00ab\u00a0ferme la boutique\u00a0\u00bb pour cet \u00e9t\u00e9 ! &#x1f60a; Mais les projets ne sont jamais compl\u00e8tement en pause ! Mercredi la semaine prochaine, 5\u00e8me et dernier \u00e9pisode des coulisses de Convergence sur Instagram : je vais revenir sur le travail de Johann, pour la couverture et les portraits de mes h\u00e9ros de papier&#8230; Pont des &hellip; <a href=\"https:\/\/www.ayanar.net\/blog\/?p=1690\" class=\"more-link\">Continuer la lecture de <span class=\"screen-reader-text\">Tr\u00eave estivale<\/span>  <span class=\"meta-nav\">&rarr;<\/span><\/a><\/p>\n","protected":false},"author":1,"featured_media":1659,"comment_status":"closed","ping_status":"open","sticky":false,"template":"","format":"standard","meta":{"footnotes":""},"categories":[6,15,3],"tags":[],"class_list":["post-1690","post","type-post","status-publish","format-standard","has-post-thumbnail","hentry","category-autres-ecrits","category-series","category-romans"],"_links":{"self":[{"href":"https:\/\/www.ayanar.net\/blog\/index.php?rest_route=\/wp\/v2\/posts\/1690","targetHints":{"allow":["GET"]}}],"collection":[{"href":"https:\/\/www.ayanar.net\/blog\/index.php?rest_route=\/wp\/v2\/posts"}],"about":[{"href":"https:\/\/www.ayanar.net\/blog\/index.php?rest_route=\/wp\/v2\/types\/post"}],"author":[{"embeddable":true,"href":"https:\/\/www.ayanar.net\/blog\/index.php?rest_route=\/wp\/v2\/users\/1"}],"replies":[{"embeddable":true,"href":"https:\/\/www.ayanar.net\/blog\/index.php?rest_route=%2Fwp%2Fv2%2Fcomments&post=1690"}],"version-history":[{"count":5,"href":"https:\/\/www.ayanar.net\/blog\/index.php?rest_route=\/wp\/v2\/posts\/1690\/revisions"}],"predecessor-version":[{"id":1698,"href":"https:\/\/www.ayanar.net\/blog\/index.php?rest_route=\/wp\/v2\/posts\/1690\/revisions\/1698"}],"wp:featuredmedia":[{"embeddable":true,"href":"https:\/\/www.ayanar.net\/blog\/index.php?rest_route=\/wp\/v2\/media\/1659"}],"wp:attachment":[{"href":"https:\/\/www.ayanar.net\/blog\/index.php?rest_route=%2Fwp%2Fv2%2Fmedia&parent=1690"}],"wp:term":[{"taxonomy":"category","embeddable":true,"href":"https:\/\/www.ayanar.net\/blog\/index.php?rest_route=%2Fwp%2Fv2%2Fcategories&post=1690"},{"taxonomy":"post_tag","embeddable":true,"href":"https:\/\/www.ayanar.net\/blog\/index.php?rest_route=%2Fwp%2Fv2%2Ftags&post=1690"}],"curies":[{"name":"wp","href":"https:\/\/api.w.org\/{rel}","templated":true}]}}